{"id":582,"date":"2009-06-16T15:01:49","date_gmt":"2009-06-16T20:01:49","guid":{"rendered":"http:\/\/alexceli.org\/blog\/?p=582"},"modified":"2009-06-16T15:01:49","modified_gmt":"2009-06-16T20:01:49","slug":"retomando-las-tierras-que-siempre-me-pertenecieron","status":"publish","type":"post","link":"https:\/\/alexceli.org\/blog\/2009\/06\/16\/retomando-las-tierras-que-siempre-me-pertenecieron-582.php","title":{"rendered":"Retomando las tierras que siempre me pertenecieron"},"content":{"rendered":"<p>En el d\u00eda a d\u00eda y en contacto con un monton de personas, siempre se escuchan frases despectivas como &#8220;ya malograron la ciudad XXX, no sabes la cantidad de serranos que se han venido&#8221; o quizas un &#8220;ya ni se puede estar por ac\u00e1 con seguridad&#8221;.<\/p>\n<p>Lo que se olvidan la mayor\u00eda de descendientes de europeos y del criollismo, es que hasta el a\u00f1o de 1,492 el Inca Peruano era el amo y se\u00f1or de todas estas tierras, los mismos que casi fueron exterminados por medios de la explotaci\u00f3n para obtener el oro y plata de las minas, en donde los hacian trabajar hasta la muerte. Solamente algunos de la &#8220;nobleza&#8221; Inca fueron perdonados y ahi empieza la rebeli\u00f3n de Tupac Amaru II.<\/p>\n<p><center><img decoding=\"async\" src=\"http:\/\/www.monografias.com\/trabajos37\/precursores-proceres-peru\/Image8858.gif\" alt=\"Tupac Amaru II\" \/><\/center><\/p>\n<p>Solamente basta dar una mirada al <a href=\"http:\/\/www.mcu.es\/archivos\/MC\/AGI\/index.html\">Archivo General de Las Indias en Sevilla<\/a> en donde ha quedado registrados todo el oro y plata que llegaba al Imperio Espa\u00f1ol por parte de sus colonia &#8220;\u00e9lite&#8221; que era Am\u00e9rica del Sur. Aun no se sabe cuanto oro y plata fu\u00e9 a parar a Europa, pero estoy seguro que debe ser la mayor\u00eda. <\/p>\n<p>Entonces, \u00bfa donde quiero llegar?<\/p>\n<p>Pues la raza ind\u00edgena peruana nunca fu\u00e9 exterminada, ellos sobrevivieron &#8220;contra todo y contra todos&#8221; y nunca fueron doblegados por los conquistadores, que nunca llegaron a encontrarlos por los secretos que tiene la Cordillera de los Andes -muy bien aprovechada siglos despu\u00e9s por Andr\u00e9s Avellino C\u00e1ceres &#8220;El Demonio de los Andes&#8221;- y por ende, supervivieron al embate colonizador. Esta misma suerte no la tuvieron los del pa\u00eds del norteam\u00e9rica, los mismos Indios que casi fueron exterminados y ahora lo \u00fanico que les queda son &#8220;reservas indias&#8221;.<\/p>\n<p>Bueno pues, ya en una democracia, con los adelantos del Siglo XXI, es justo y necesario que la &#8220;Raza Peruana&#8221; retome lo que por siglos siempre fu\u00e9 suyo y fu\u00e9 despojado por algunos siglos, como les sucedi\u00f3 en Espa\u00f1a con los Moros, pero luego retomada.<\/p>\n<p>Por eso, para los que lanzan esas frases &#8220;despectivas&#8221;, piensen bastantes veces antes que mencionen esas frases, porque como se dar\u00e1n cuenta ahora, ver\u00e1n quienes son los &#8220;invasores&#8221; y quienes son los &#8220;propietarios&#8221;. Solamente estan retomando lo que fu\u00e9 suyo por siglos.<\/p>\n<p>Alex Celi<\/p>\n","protected":false},"excerpt":{"rendered":"<p>En el d\u00eda a d\u00eda y en contacto con un monton de personas, siempre se escuchan frases despectivas como &#8220;ya malograron la ciudad XXX, no sabes la cantidad de serranos que se han venido&#8221; o quizas un &#8220;ya ni se puede estar por ac\u00e1 con seguridad&#8221;. Lo que se olvidan la mayor\u00eda de descendientes de [&hellip;]<\/p>\n","protected":false},"author":2,"featured_media":0,"comment_status":"open","ping_status":"open","sticky":false,"template":"","format":"standard","meta":{"footnotes":""},"categories":[10,5,11],"tags":[],"class_list":["post-582","post","type-post","status-publish","format-standard","hentry","category-actualidad-nacional","category-alex-celi","category-peru"],"_links":{"self":[{"href":"https:\/\/alexceli.org\/blog\/wp-json\/wp\/v2\/posts\/582","targetHints":{"allow":["GET"]}}],"collection":[{"href":"https:\/\/alexceli.org\/blog\/wp-json\/wp\/v2\/posts"}],"about":[{"href":"https:\/\/alexceli.org\/blog\/wp-json\/wp\/v2\/types\/post"}],"author":[{"embeddable":true,"href":"https:\/\/alexceli.org\/blog\/wp-json\/wp\/v2\/users\/2"}],"replies":[{"embeddable":true,"href":"https:\/\/alexceli.org\/blog\/wp-json\/wp\/v2\/comments?post=582"}],"version-history":[{"count":4,"href":"https:\/\/alexceli.org\/blog\/wp-json\/wp\/v2\/posts\/582\/revisions"}],"predecessor-version":[{"id":586,"href":"https:\/\/alexceli.org\/blog\/wp-json\/wp\/v2\/posts\/582\/revisions\/586"}],"wp:attachment":[{"href":"https:\/\/alexceli.org\/blog\/wp-json\/wp\/v2\/media?parent=582"}],"wp:term":[{"taxonomy":"category","embeddable":true,"href":"https:\/\/alexceli.org\/blog\/wp-json\/wp\/v2\/categories?post=582"},{"taxonomy":"post_tag","embeddable":true,"href":"https:\/\/alexceli.org\/blog\/wp-json\/wp\/v2\/tags?post=582"}],"curies":[{"name":"wp","href":"https:\/\/api.w.org\/{rel}","templated":true}]}}