{"id":39,"date":"2006-04-12T14:07:20","date_gmt":"2006-04-12T19:07:20","guid":{"rendered":"http:\/\/alexceli.org\/blog\/2006\/04\/12\/ene-1971-alferez-peruano-%e2%80%9ccapturo%e2%80%9d-arica-%e2%80%9cvengo-a-izar-la-bandera%e2%80%9d.php"},"modified":"2006-04-12T14:08:43","modified_gmt":"2006-04-12T19:08:43","slug":"ene-1971-alferez-peruano-%e2%80%9ccapturo%e2%80%9d-arica-%e2%80%9cvengo-a-izar-la-bandera%e2%80%9d","status":"publish","type":"post","link":"https:\/\/alexceli.org\/blog\/2006\/04\/12\/ene-1971-alferez-peruano-%e2%80%9ccapturo%e2%80%9d-arica-%e2%80%9cvengo-a-izar-la-bandera%e2%80%9d-39.php","title":{"rendered":"ENE 1971: Alf\u00e9rez peruano \u201ccaptur\u00f3\u201d Arica:  \u201cVENGO A IZAR LA BANDERA\u201d"},"content":{"rendered":"<h2 align=\"center\" \/><font size=\"-1\" face=\"Arial, Helvetica, sans-serif\"> <\/font><\/p>\n<div align=\"left\"><font size=\"-1\" face=\"Arial, Helvetica, sans-serif\"><img loading=\"lazy\" decoding=\"async\" width=\"135\" height=\"171\" align=\"right\" src=\"http:\/\/tarapaca.org\/modules\/tinycontent\/content\/img\/apestegui.jpg\" \/>El 15 ENE 1971, con ocasi\u00f3n de la incorporaci\u00f3n de los oficiales reci\u00e9n graduados, se procedi\u00f3 -en la Guarnici\u00f3n de Tacna- al tradicional \u201cbautizo\u201d, consistente en que pasaran c\/u de los 14 obst\u00e1culos de la Pista de Combate con el respectivo trago de licor en medio de c\u00e1nticos y bromas de los oficiales antiguos.<\/font><font size=\"-1\" face=\"Arial, Helvetica, sans-serif\">Dentro de esas bromas se plantean diversidad de \u201cretos\u201d, desde las netamente \u201cchup\u00edsticas\u201d hasta las de \u00edndole \u201cb\u00e9licas\u201d. Y cada \u201cbautizado\u201d debe ir ejecut\u00e1ndolas ante el \u201cjurado\u201d constitu\u00eddo por sus capitanes.<\/font><font size=\"-1\" face=\"Arial, Helvetica, sans-serif\">En esa oportunidad a un capit\u00e1n se le ocurri\u00f3 inventar un \u201cceremonial de izamiento\u201d, para lo cual escogi\u00f3 al oficial que a su criterio era el m\u00e1s id\u00f3neo: El Alf\u00e9rez de artiller\u00eda Juan Ap\u00e9stegui M\u00e1rquez, a quien en forma seria le indic\u00f3 que no bebiera demasiado, pues \u201chab\u00eda un ceremonial de izamiento de la Bandera en el Morro de Arica, a las 8AM del d\u00eda siguiente, al que hab\u00eda sido comisionado\u201d. Adem\u00e1s, los dem\u00e1s integrantes del jurado le dijeron que era \u201cuna ceremonia que se repet\u00eda cada a\u00f1o\u201d.<\/font><\/div>\n<div align=\"left\"><\/div>\n<p align=\"left\"><font size=\"-1\" face=\"Arial, Helvetica, sans-serif\">El Alf\u00e9rez Ap\u00e9stegui tom\u00f3 en serio la orden del \u201cjurado\u201d, y temprano se retir\u00f3 para dirigirse a la cuadra de tropa y dictar las disposiciones del caso: Preparaci\u00f3n de 3 camiones Unimog con 24 soldados c\/u y la respectiva escolta para el abanderado. De ah\u00ed se fue a descansar no sin antes darle parte al Oficial de Guardia (Teniente Falcon\u00ed), que iba a salir antes del toque de diana. El teniente, que ten\u00eda ya la consigna de \u201cseguir la corriente\u201d, efusivamente felicit\u00f3 al alf\u00e9rez por el honor del izamiento encomendado&#8230; Pero sab\u00eda que, de llegar el momento, no se deb\u00eda permitir la salida del convoy. <\/font><\/p>\n<div align=\"left\"><\/div>\n<p align=\"left\"><font size=\"-1\" face=\"Arial, Helvetica, sans-serif\">La reuni\u00f3n continu\u00f3 hasta la madrugada. Y mientras los \u201cfinalistas\u201d a\u00fan celebraban y el resto descansaba en sus alojamientos, el alf\u00e9rez embarcaba a su tropa y los camiones encend\u00edan motores. <\/font>             <font size=\"-1\" face=\"Arial, Helvetica, sans-serif\"><img loading=\"lazy\" decoding=\"async\" width=\"271\" height=\"199\" align=\"right\" src=\"http:\/\/tarapaca.org\/modules\/tinycontent\/content\/img\/convoyapest.jpg\" \/>Contra todo pron\u00f3stico, los camiones, a las 5:45 de la ma\u00f1ana del domingo 16 de Enero de 1971, traspasaron la Guardia del Cuartel Gregorio Albarrac\u00edn. Por cosas del destino, los centinelas del port\u00f3n y la tranquera, las abrieron sin dar cuenta al Oficial de Guardia. Posteriormente indicaron que lo hicieron por que el Alf\u00e9rez asegur\u00f3 que \u201cel teniente Falcon\u00ed ya hab\u00eda dado permiso, y estaban con el tiempo retrasado\u201d, y que ellos soldados- \u201cno dudaban de la palabra de un oficial\u201d. <\/font>             <font size=\"-1\" face=\"Arial, Helvetica, sans-serif\">Una vez fuera del Cuartel, el convoy enrumb\u00f3 hacia el Paso Peruano de Frontera de Santa Rosa. En ese \u00ednterin el oficial de guardia, ya avisado por los centinelas, inmediatamente alert\u00f3 al Jefe de Cuartel (My. C\u00e9sar Aguilar). En vista de ello se llam\u00f3 por radio al Puesto Fronterizo para que detuvieran al convoy, pero \u00e9ste lo hab\u00eda traspasado hac\u00eda escasos minutos. <\/font><font size=\"-1\" face=\"Arial, Helvetica, sans-serif\">El Jefe del Puesto Policial de Frontera, s\u00f3lo comunic\u00f3 que en esos precisos instantes \u201cpod\u00eda observar que el Puesto Fronterizo Chileno de Chacalluta levantaba la tranquera al convoy peruano\u201d. <\/font><\/p>\n<div align=\"left\"><\/div>\n<p align=\"left\"><font size=\"-1\" face=\"Arial, Helvetica, sans-serif\">Como consta en las investigaciones posteriores, el Alf\u00e9rez indic\u00f3 al Jefe de Carabineros de ese Puesto Chileno, que \u201cten\u00eda la orden de izar Bandera para el ceremonial en Arica\u201d. El oficial de carabineros, asumiendo que se trataba de un ceremonial coordinado entre los respectivos altos mandos, lo dejo pasar. <\/font>             <font size=\"-1\" face=\"Arial, Helvetica, sans-serif\">Al llegar a Arica, sucedi\u00f3 que ninguno de los choferes conoc\u00eda la ciudad. Ante tal percance, deambularon por las calles hasta que encontraron a un carabinero, a quien inquirieron sobre la ruta a la cima del Morro. El carabinero les dijo que los guiar\u00eda al Cuartel \u201cRancagua\u201d pues de ah\u00ed \u201csal\u00edan las tropas para las ceremonias\u201d. <\/font><\/p>\n<div align=\"left\"><\/div>\n<p align=\"left\"><font size=\"-1\" face=\"Arial, Helvetica, sans-serif\"><\/font><font size=\"-1\" face=\"Arial, Helvetica, sans-serif\"><\/font><font size=\"-1\" face=\"Arial, Helvetica, sans-serif\">Una vez frente al Cuartel Chileno, el carabinero se despidi\u00f3, y el alf\u00e9rez peruano opt\u00f3 por presentarse a los oficiales &#8220;CH&#8221; de servicio, avis\u00e1ndoles del motivo de su presencia, y \u201cque deb\u00edan apurarse, pues la ceremonia era a las 8 AM\u201d. Estos, sorprendidos, optaron por levantar la tranquera para que ingresara el convoy peruano. <\/font>             <font size=\"-1\" face=\"Arial, Helvetica, sans-serif\">Seg\u00fan narr\u00f3 Ap\u00e9stegui, \u00e9l reci\u00e9n entendi\u00f3 que la situaci\u00f3n era irregular puesto que \u201cluego de 20 minutos de espera en que la tropa chilena aprest\u00e1ndose para pasar lista, los observaba con asombro\u201d, se aperson\u00f3 el propio Jefe de la Guarnici\u00f3n de Arica, quien luego de constatar la \u201cpresencia militar peruana en pleno Arica\u201d, le indic\u00f3 al Jefe de la Instalaci\u00f3n, que \u201cconsultar\u00eda con Santiago respecto al ceremonial\u201d. <\/font>             <\/p>\n<div align=\"left\"><\/div>\n<p align=\"left\"><font size=\"-1\" face=\"Arial, Helvetica, sans-serif\"><\/font><font size=\"-1\" face=\"Arial, Helvetica, sans-serif\"><\/font><font size=\"-1\" face=\"Arial, Helvetica, sans-serif\"><\/font><font size=\"-1\" face=\"Arial, Helvetica, sans-serif\"><\/font><font size=\"-1\" face=\"Arial, Helvetica, sans-serif\"><\/font><font size=\"-1\" face=\"Arial, Helvetica, sans-serif\">En vista de ello, y habiendo tomado conciencia de la real magnitud de la situaci\u00f3n por el nerviosismo y \u201cperplejidad\u201d de los chilenos, el alf\u00e9rez peruano, alzando la voz, indic\u00f3 que \u201clevantaran la tranquera porque hab\u00eda decidido volver al Per\u00fa\u201d. Hubo cierta oposici\u00f3n de los oficiales chilenos, lo cual oblig\u00f3 al Alf\u00e9rez a advertir que \u201csi no franquean el paso, me lo franqueo a la fuerza\u201d. En vista de ello, y a\u00fan m\u00e1s sorprendidos, los chilenos optaron por levantar la tranquera.<\/font> <font size=\"-1\" face=\"Arial, Helvetica, sans-serif\">Obviamente que la otra alternativa era el uso de las armas por parte de los chilenos, lo cual en aquella \u00e9poca era impensable, debido al temor que ten\u00edan que nosotros los invadamos. Con ese temor y la actitud del Alf\u00e9rez, los chilenos aceptaron las condiciones impuestas por nuestras tropas. Eran otros tiempos. Gobernaba Velasco en el Per\u00fa. <\/font><font size=\"-1\" face=\"Arial, Helvetica, sans-serif\">Como tard\u00eda reacci\u00f3n, los del Rancagua comunicaron al puesto de Chacalluta que \u201cno dejaran pasar a los cholos\u201d. <\/font><\/p>\n<div align=\"left\"><\/div>\n<p align=\"left\"><font size=\"-1\" face=\"Arial, Helvetica, sans-serif\"><\/font><font size=\"-1\" face=\"Arial, Helvetica, sans-serif\"><\/font><font size=\"-1\" face=\"Arial, Helvetica, sans-serif\"><\/font><font size=\"-1\" face=\"Arial, Helvetica, sans-serif\"><\/font><font size=\"-1\" face=\"Arial, Helvetica, sans-serif\"><\/font><font size=\"-1\" face=\"Arial, Helvetica, sans-serif\"><\/font><font size=\"-1\" face=\"Arial, Helvetica, sans-serif\"><\/font><font size=\"-1\" face=\"Arial, Helvetica, sans-serif\">             <\/font><font size=\"-1\" face=\"Arial, Helvetica, sans-serif\">Al llegar a dicho Puesto, se acerc\u00f3 un carabinero y les indic\u00f3 que deb\u00edan volver a Arica porque \u201cse hab\u00eda llegado al acuerdo de permitir el izamiento dela Bandera Peruana en el Morro\u201d. Al no ser \u201cconvincente\u201d la aseveraci\u00f3n del carabinero, el Alf\u00e9rez orden\u00f3 que la tropa bajara de los camiones con las armas terciadas, y le advirti\u00f3 que \u201c\u00e9l mismo levantar\u00eda la tranquera, y que en caso se opusieran, correr\u00eda sangre\u201d. Considerando que s\u00f3lo eran 4 carabineros y los peruanos 55 soldados, los chilenos optaron por \u201cpermitir\u201d que se levantara la tranquera. Nuestros soldados pasaron a pie y los veh\u00edculos lo hicieron, tras ellos. <\/font>             <\/p>\n<div align=\"left\"><\/div>\n<p align=\"left\"><font size=\"-1\" face=\"Arial, Helvetica, sans-serif\"><\/font><font size=\"-1\" face=\"Arial, Helvetica, sans-serif\"><\/font><font size=\"-1\" face=\"Arial, Helvetica, sans-serif\"><\/font><font size=\"-1\" face=\"Arial, Helvetica, sans-serif\"><\/font><font size=\"-1\" face=\"Arial, Helvetica, sans-serif\"><\/font><font size=\"-1\" face=\"Arial, Helvetica, sans-serif\"><\/font><font size=\"-1\" face=\"Arial, Helvetica, sans-serif\"><\/font><font size=\"-1\" face=\"Arial, Helvetica, sans-serif\"><\/font><font size=\"-1\" face=\"Arial, Helvetica, sans-serif\"><\/font><font size=\"-1\" face=\"Arial, Helvetica, sans-serif\"><\/font><font size=\"-1\" face=\"Arial, Helvetica, sans-serif\"><\/font><font size=\"-1\" face=\"Arial, Helvetica, sans-serif\"><\/font><font size=\"-1\" face=\"Arial, Helvetica, sans-serif\">Posteriormente las gestiones diplom\u00e1ticas hicieron conocido en el \u00e1mbito castrense sudamericano aquel incidente claro est\u00e1, con los chilenos como objeto de mofa. <\/font>             <font size=\"-1\" face=\"Arial, Helvetica, sans-serif\">Fue la 1ra. vez que, desde el 7 JUN 1880, tropa armada del Per\u00fa, hizo presencia en Arica. Posteriormente, como medida administrativa, a los oficiales que participaron directa o indirectamente en ese incidente, se les reasign\u00f3 al norte.<\/font><\/p>\n<div align=\"left\"><\/div>\n<p align=\"left\"><font size=\"-1\" face=\"Arial, Helvetica, sans-serif\"><\/font><font size=\"-1\" face=\"Arial, Helvetica, sans-serif\"><\/font><font size=\"-1\" face=\"Arial, Helvetica, sans-serif\"><\/font><font size=\"-1\" face=\"Arial, Helvetica, sans-serif\"><\/font><font size=\"-1\" face=\"Arial, Helvetica, sans-serif\"><\/font><font size=\"-1\" face=\"Arial, Helvetica, sans-serif\"><\/font><font size=\"-1\" face=\"Arial, Helvetica, sans-serif\"><\/font><font size=\"-1\" face=\"Arial, Helvetica, sans-serif\"><\/font><font size=\"-1\" face=\"Arial, Helvetica, sans-serif\"><\/font><font size=\"-1\" face=\"Arial, Helvetica, sans-serif\"><\/font><font size=\"-1\" face=\"Arial, Helvetica, sans-serif\"><\/font><font size=\"-1\" face=\"Arial, Helvetica, sans-serif\"><\/font><font size=\"-1\" face=\"Arial, Helvetica, sans-serif\"><\/font><font size=\"-1\" face=\"Arial, Helvetica, sans-serif\"><\/font><font size=\"-1\" face=\"Arial, Helvetica, sans-serif\"><\/font><font size=\"-1\" face=\"Arial, Helvetica, sans-serif\">Fuente: <a title=\"TARAPACA.ORG\" target=\"_blank\" href=\"http:\/\/tarapaca.org\/modules\/tinycontent\/index.php?id=9\">http:\/\/tarapaca.org\/modules\/tinycontent\/index.php?id=9<\/a><\/font><\/p>\n<div align=\"left\"><\/div>\n<div align=\"left\"><font size=\"-1\" face=\"Arial, Helvetica, sans-serif\"><\/font><font size=\"-1\" face=\"Arial, Helvetica, sans-serif\"><\/font><font size=\"-1\" face=\"Arial, Helvetica, sans-serif\"><\/font><font size=\"-1\" face=\"Arial, Helvetica, sans-serif\"><\/font><font size=\"-1\" face=\"Arial, Helvetica, sans-serif\"><\/font><font size=\"-1\" face=\"Arial, Helvetica, sans-serif\"><\/font><font size=\"-1\" face=\"Arial, Helvetica, sans-serif\"><\/font><font size=\"-1\" face=\"Arial, Helvetica, sans-serif\"><\/font><font size=\"-1\" face=\"Arial, Helvetica, sans-serif\"><\/font><font size=\"-1\" face=\"Arial, Helvetica, sans-serif\"><\/font><font size=\"-1\" face=\"Arial, Helvetica, sans-serif\"><\/font><font size=\"-1\" face=\"Arial, Helvetica, sans-serif\"><\/font><font size=\"-1\" face=\"Arial, Helvetica, sans-serif\"><\/font><font size=\"-1\" face=\"Arial, Helvetica, sans-serif\"><\/font><font size=\"-1\" face=\"Arial, Helvetica, sans-serif\"><\/font><font size=\"-1\" face=\"Arial, Helvetica, sans-serif\"><\/font><font size=\"-1\" face=\"Arial, Helvetica, sans-serif\"><\/font><font size=\"-1\" face=\"Arial, Helvetica, sans-serif\"><\/font><font size=\"-1\" face=\"Arial, Helvetica, sans-serif\">Alex Celi <\/font><\/div>\n<p><font size=\"-1\" face=\"Arial, Helvetica, sans-serif\"><\/font><font size=\"-1\" face=\"Arial, Helvetica, sans-serif\"><\/font><font size=\"-1\" face=\"Arial, Helvetica, sans-serif\"><\/font><font size=\"-1\" face=\"Arial, Helvetica, sans-serif\"><\/font><font size=\"-1\" face=\"Arial, Helvetica, sans-serif\"><\/font><font size=\"-1\" face=\"Arial, Helvetica, sans-serif\"><\/font><font size=\"-1\" face=\"Arial, Helvetica, sans-serif\"><\/font><font size=\"-1\" face=\"Arial, Helvetica, sans-serif\"><\/font><font size=\"-1\" face=\"Arial, Helvetica, sans-serif\"><\/font><font size=\"-1\" face=\"Arial, Helvetica, sans-serif\"><\/font><font size=\"-1\" face=\"Arial, Helvetica, sans-serif\"><\/font><font size=\"-1\" face=\"Arial, Helvetica, sans-serif\"><\/font><font size=\"-1\" face=\"Arial, Helvetica, sans-serif\"><\/font><font size=\"-1\" face=\"Arial, Helvetica, sans-serif\"><\/font><font size=\"-1\" face=\"Arial, Helvetica, sans-serif\"><\/font><font size=\"-1\" face=\"Arial, Helvetica, sans-serif\"><\/font><font size=\"-1\" face=\"Arial, Helvetica, sans-serif\"><\/font><font size=\"-1\" face=\"Arial, Helvetica, sans-serif\"> <\/font><\/p>\n","protected":false},"excerpt":{"rendered":"<p>El 15 ENE 1971, con ocasi\u00f3n de la incorporaci\u00f3n de los oficiales reci\u00e9n graduados, se procedi\u00f3 -en la Guarnici\u00f3n de Tacna- al tradicional \u201cbautizo\u201d, consistente en que pasaran c\/u de los 14 obst\u00e1culos de la Pista de Combate con el respectivo trago de licor en medio de c\u00e1nticos y bromas de los oficiales antiguos.Dentro de [&hellip;]<\/p>\n","protected":false},"author":2,"featured_media":0,"comment_status":"open","ping_status":"open","sticky":false,"template":"","format":"standard","meta":{"footnotes":""},"categories":[11],"tags":[],"class_list":["post-39","post","type-post","status-publish","format-standard","hentry","category-peru"],"_links":{"self":[{"href":"https:\/\/alexceli.org\/blog\/wp-json\/wp\/v2\/posts\/39","targetHints":{"allow":["GET"]}}],"collection":[{"href":"https:\/\/alexceli.org\/blog\/wp-json\/wp\/v2\/posts"}],"about":[{"href":"https:\/\/alexceli.org\/blog\/wp-json\/wp\/v2\/types\/post"}],"author":[{"embeddable":true,"href":"https:\/\/alexceli.org\/blog\/wp-json\/wp\/v2\/users\/2"}],"replies":[{"embeddable":true,"href":"https:\/\/alexceli.org\/blog\/wp-json\/wp\/v2\/comments?post=39"}],"version-history":[{"count":0,"href":"https:\/\/alexceli.org\/blog\/wp-json\/wp\/v2\/posts\/39\/revisions"}],"wp:attachment":[{"href":"https:\/\/alexceli.org\/blog\/wp-json\/wp\/v2\/media?parent=39"}],"wp:term":[{"taxonomy":"category","embeddable":true,"href":"https:\/\/alexceli.org\/blog\/wp-json\/wp\/v2\/categories?post=39"},{"taxonomy":"post_tag","embeddable":true,"href":"https:\/\/alexceli.org\/blog\/wp-json\/wp\/v2\/tags?post=39"}],"curies":[{"name":"wp","href":"https:\/\/api.w.org\/{rel}","templated":true}]}}