{"id":227,"date":"2007-01-10T03:07:06","date_gmt":"2007-01-10T08:07:06","guid":{"rendered":"http:\/\/alexceli.org\/blog\/2007\/01\/10\/la-importancia-de-la-secadora-de-pelo-cuando-haces-una-parrilla.php"},"modified":"2007-01-10T03:07:06","modified_gmt":"2007-01-10T08:07:06","slug":"la-importancia-de-la-secadora-de-pelo-cuando-haces-una-parrilla","status":"publish","type":"post","link":"https:\/\/alexceli.org\/blog\/2007\/01\/10\/la-importancia-de-la-secadora-de-pelo-cuando-haces-una-parrilla-227.php","title":{"rendered":"La importancia de la secadora de pelo cuando haces una parrilla"},"content":{"rendered":"<p>Antes de llegar &#8220;al grano&#8221;, voy a hacer un poco de historia acerca de este post.<\/p>\n<p>Resulta que a finales del a\u00f1o &#8217;99, un amigo <a title=\"SAP XXI\" target=\"_blank\" href=\"http:\/\/groups.yahoo.com\/group\/sap21\/\">de mi promoci\u00f3n de colegio San Antonio de Padua XXI (promo &#8217;86)<\/a> hizo una reuni\u00f3n &#8220;del fin de milenio&#8221;, en donde la reuna era almuerzo, que llevaran trago que el se encargaba de la parrilla.<\/p>\n<p>La reuni\u00f3n fu\u00e9 en casa de Kike Maya en Jesus Maria por el Olivar. Tragos iban y venian, tenia una mesa con todos los adicionales a las carnes, y en la cocina tenia las carnes ya maceradas. Pero los carbones de la parrilla estaban apagados, y tremenda parrilla que era, parecia industrial.<\/p>\n<div style=\"text-align: center\"><img decoding=\"async\" alt=\"Parrilla\" title=\"Parrilla\" src=\"http:\/\/www.bull.cl\/parrilla%20redonda.jpg\" \/><\/div>\n<p>Entonces se me pas\u00f3 por la cabeza &#8220;ahora a soplar y soplar&#8221; ya sea con un cart\u00f3n o con la boca, y  la chambaza que iba a ser, porque por lo menos para prenderla iba a ser 2 horas. Ya dije, caballero, habr\u00e1 que poner el hombro, no queda otra.<\/p>\n<p>Entonces a la hora de prender la parrilla, se acomod\u00f3 el mechero de cera con un mont\u00f3n de carbones encima y se prendi\u00f3. El fuego agarr\u00f3 r\u00e1pidopero solo encend\u00eda algunos carbones, los pocos que estaban encima.<\/p>\n<p>Es cuando lo veo a Kike que llega con algo en la mano y un trapo &#8220;forr\u00e1ndole&#8221; el brazo. Me qued\u00e9 pensando de que se trataba, y de pronto, el cl\u00e1sico sonido de las secadoras de pelo.<\/p>\n<p>Apunt\u00f3 a donde estaban los carbones y los desgraciados estos empezaron a arder al toque. Despues los que ya habia agarrado los abria, de ah\u00ed le ponia mas carbones apagados encima y de nuevo la secadora de pelo.<\/p>\n<div style=\"text-align: center\"><img decoding=\"async\" alt=\"Secadora de pelo\" title=\"Secadora de pelo\" src=\"http:\/\/www.lacuracaoperu.com\/productos\/336242B.jpg\" \/><\/div>\n<p>Francamente, se encendi\u00f3 TODA la parrilla en no mas de 10 o 15 minutos, y era una parrilla grandaza. Y pensar que antes todos andaban ech\u00e1ndole &#8220;airecito&#8221; para que prenda.<\/p>\n<p>Por este motivo, el fin de semana que pas\u00f3, \u00edbamos a hacer una parrillada en el sur con unas amistades, a lo que antes de salir dije &#8220;no se olviden de traer una secadora de pelo&#8221;.<\/p>\n<p>Al llegar al sitio de la parrilla, ya habian habido intentos fallidos de encenderla. Agarr\u00e9 lo que quedaba del mechero, lo acomod\u00e9 y lo cubr\u00ed de carbones haci\u00e9ndole una mini-cueva y volv\u00ed a encenderlo.<\/p>\n<p>Me bast\u00f3 que prenda 1 s\u00f3lo carbon, y de ahi reacomod\u00e9 varios carbones al lado del carb\u00f3n prendido y le met\u00ed secadora de pelo. Al final, la parrilla estaba prendida en 15 minutos.<\/p>\n<p>Usen este consejo que ahora en verano que se ponen de moda las parrillas, les va a ser muy \u00fatil.<\/p>\n<p>Alex Celi<\/p>\n","protected":false},"excerpt":{"rendered":"<p>Antes de llegar &#8220;al grano&#8221;, voy a hacer un poco de historia acerca de este post. Resulta que a finales del a\u00f1o &#8217;99, un amigo de mi promoci\u00f3n de colegio San Antonio de Padua XXI (promo &#8217;86) hizo una reuni\u00f3n &#8220;del fin de milenio&#8221;, en donde la reuna era almuerzo, que llevaran trago que el [&hellip;]<\/p>\n","protected":false},"author":2,"featured_media":0,"comment_status":"open","ping_status":"open","sticky":false,"template":"","format":"standard","meta":{"footnotes":""},"categories":[5,13],"tags":[],"class_list":["post-227","post","type-post","status-publish","format-standard","hentry","category-alex-celi","category-miscelanea"],"_links":{"self":[{"href":"https:\/\/alexceli.org\/blog\/wp-json\/wp\/v2\/posts\/227","targetHints":{"allow":["GET"]}}],"collection":[{"href":"https:\/\/alexceli.org\/blog\/wp-json\/wp\/v2\/posts"}],"about":[{"href":"https:\/\/alexceli.org\/blog\/wp-json\/wp\/v2\/types\/post"}],"author":[{"embeddable":true,"href":"https:\/\/alexceli.org\/blog\/wp-json\/wp\/v2\/users\/2"}],"replies":[{"embeddable":true,"href":"https:\/\/alexceli.org\/blog\/wp-json\/wp\/v2\/comments?post=227"}],"version-history":[{"count":0,"href":"https:\/\/alexceli.org\/blog\/wp-json\/wp\/v2\/posts\/227\/revisions"}],"wp:attachment":[{"href":"https:\/\/alexceli.org\/blog\/wp-json\/wp\/v2\/media?parent=227"}],"wp:term":[{"taxonomy":"category","embeddable":true,"href":"https:\/\/alexceli.org\/blog\/wp-json\/wp\/v2\/categories?post=227"},{"taxonomy":"post_tag","embeddable":true,"href":"https:\/\/alexceli.org\/blog\/wp-json\/wp\/v2\/tags?post=227"}],"curies":[{"name":"wp","href":"https:\/\/api.w.org\/{rel}","templated":true}]}}